{"@context":"https:\/\/schema.org\/","@type":"CollectionPage","@id":"https:\/\/www.bend.cz\/bydleni\/#CollectionPage","headline":"Bydlen\u00ed Category","description":"","url":"https:\/\/www.bend.cz\/bydleni\/","hasPart":[{"@type":"Article","@id":"https:\/\/www.bend.cz\/aby-vas-rodinny-dum-typu-bungalovu-tesil-svou-pritomnosti\/","headline":"Aby v\u00e1s rodinn\u00fd d\u016fm typu bungalovu t\u011b\u0161il svou p\u0159\u00edtomnost\u00ed","url":"https:\/\/www.bend.cz\/aby-vas-rodinny-dum-typu-bungalovu-tesil-svou-pritomnosti\/","datePublished":"2025-07-07","dateModified":"2025-07-07","mainEntityOfPage":"https:\/\/www.bend.cz\/aby-vas-rodinny-dum-typu-bungalovu-tesil-svou-pritomnosti\/","author":{"@type":"Person","@id":"https:\/\/www.bend.cz\/author\/#Person","name":"","url":"https:\/\/www.bend.cz\/author\/","identifier":1,"image":{"@type":"ImageObject","@id":"https:\/\/secure.gravatar.com\/avatar\/9cae764794acc12213aa530e21558ed2bd96c03f91e0c3ad21cc1905765be658?s=96&d=mm&r=g","url":"https:\/\/secure.gravatar.com\/avatar\/9cae764794acc12213aa530e21558ed2bd96c03f91e0c3ad21cc1905765be658?s=96&d=mm&r=g","height":96,"width":96}},"publisher":{"@type":"Organization","name":"bend.cz","logo":{"@type":"ImageObject","@id":"\/logo.png","url":"\/logo.png","width":600,"height":60}},"image":{"@type":"ImageObject","@id":"https:\/\/www.bend.cz\/wp-content\/uploads\/field-8172323_640_5.jpg","url":"https:\/\/www.bend.cz\/wp-content\/uploads\/field-8172323_640_5.jpg","height":0,"width":0},"keywords":null},{"@type":"Article","@id":"https:\/\/www.bend.cz\/bydleni-s-vyhodami\/","headline":"Bydlen\u00ed s v\u00fdhodami","url":"https:\/\/www.bend.cz\/bydleni-s-vyhodami\/","datePublished":"2024-08-26","dateModified":"2024-08-26","mainEntityOfPage":"https:\/\/www.bend.cz\/bydleni-s-vyhodami\/","author":{"@type":"Person","@id":"https:\/\/www.bend.cz\/author\/#Person","name":"","url":"https:\/\/www.bend.cz\/author\/","identifier":1,"image":{"@type":"ImageObject","@id":"https:\/\/secure.gravatar.com\/avatar\/9cae764794acc12213aa530e21558ed2bd96c03f91e0c3ad21cc1905765be658?s=96&d=mm&r=g","url":"https:\/\/secure.gravatar.com\/avatar\/9cae764794acc12213aa530e21558ed2bd96c03f91e0c3ad21cc1905765be658?s=96&d=mm&r=g","height":96,"width":96}},"publisher":{"@type":"Organization","name":"bend.cz","logo":{"@type":"ImageObject","@id":"\/logo.png","url":"\/logo.png","width":600,"height":60}},"image":{"@type":"ImageObject","@id":"https:\/\/www.bend.cz\/wp-content\/uploads\/d%C5%AFm%20se%20zahradou_7.jpg","url":"https:\/\/www.bend.cz\/wp-content\/uploads\/d%C5%AFm%20se%20zahradou_7.jpg","height":0,"width":0},"keywords":null},{"@type":"Article","@id":"https:\/\/www.bend.cz\/proc-je-prave-pro-nas-bydleni-tak-dulezite\/","headline":"Pro\u010d je pr\u00e1v\u011b pro n\u00e1s bydlen\u00ed tak d\u016fle\u017eit\u00e9","url":"https:\/\/www.bend.cz\/proc-je-prave-pro-nas-bydleni-tak-dulezite\/","datePublished":"2023-12-29","dateModified":"2023-12-29","mainEntityOfPage":"https:\/\/www.bend.cz\/proc-je-prave-pro-nas-bydleni-tak-dulezite\/","author":{"@type":"Person","@id":"https:\/\/www.bend.cz\/author\/#Person","name":"","url":"https:\/\/www.bend.cz\/author\/","identifier":1,"image":{"@type":"ImageObject","@id":"https:\/\/secure.gravatar.com\/avatar\/9cae764794acc12213aa530e21558ed2bd96c03f91e0c3ad21cc1905765be658?s=96&d=mm&r=g","url":"https:\/\/secure.gravatar.com\/avatar\/9cae764794acc12213aa530e21558ed2bd96c03f91e0c3ad21cc1905765be658?s=96&d=mm&r=g","height":96,"width":96}},"publisher":{"@type":"Organization","name":"bend.cz","logo":{"@type":"ImageObject","@id":"\/logo.png","url":"\/logo.png","width":600,"height":60}},"image":{"@type":"ImageObject","@id":"https:\/\/www.bend.cz\/wp-content\/uploads\/zateplovani2_1.jpg","url":"https:\/\/www.bend.cz\/wp-content\/uploads\/zateplovani2_1.jpg","height":0,"width":0},"keywords":null},{"@type":"Article","@id":"https:\/\/www.bend.cz\/moje-bydleni\/","headline":"Moje bydlen\u00ed","url":"https:\/\/www.bend.cz\/moje-bydleni\/","datePublished":"2023-05-24","dateModified":"2024-04-25","mainEntityOfPage":"https:\/\/www.bend.cz\/moje-bydleni\/","author":{"@type":"Person","@id":"https:\/\/www.bend.cz\/author\/#Person","name":"","url":"https:\/\/www.bend.cz\/author\/","identifier":1,"image":{"@type":"ImageObject","@id":"https:\/\/secure.gravatar.com\/avatar\/9cae764794acc12213aa530e21558ed2bd96c03f91e0c3ad21cc1905765be658?s=96&d=mm&r=g","url":"https:\/\/secure.gravatar.com\/avatar\/9cae764794acc12213aa530e21558ed2bd96c03f91e0c3ad21cc1905765be658?s=96&d=mm&r=g","height":96,"width":96}},"publisher":{"@type":"Organization","name":"bend.cz","logo":{"@type":"ImageObject","@id":"\/logo.png","url":"\/logo.png","width":600,"height":60}},"image":{"@type":"ImageObject","@id":"https:\/\/www.bend.cz\/wp-content\/uploads\/house-2859417_1280_1.jpg","url":"https:\/\/www.bend.cz\/wp-content\/uploads\/house-2859417_1280_1.jpg","height":0,"width":0},"keywords":null},{"@type":"Article","@id":"https:\/\/www.bend.cz\/krasne-bydleni\/","headline":"Kr\u00e1sn\u00e9 bydlen\u00ed","url":"https:\/\/www.bend.cz\/krasne-bydleni\/","datePublished":"2023-04-25","dateModified":"2023-04-25","mainEntityOfPage":"https:\/\/www.bend.cz\/krasne-bydleni\/","author":{"@type":"Person","@id":"https:\/\/www.bend.cz\/author\/#Person","name":"","url":"https:\/\/www.bend.cz\/author\/","identifier":1,"image":{"@type":"ImageObject","@id":"https:\/\/secure.gravatar.com\/avatar\/9cae764794acc12213aa530e21558ed2bd96c03f91e0c3ad21cc1905765be658?s=96&d=mm&r=g","url":"https:\/\/secure.gravatar.com\/avatar\/9cae764794acc12213aa530e21558ed2bd96c03f91e0c3ad21cc1905765be658?s=96&d=mm&r=g","height":96,"width":96}},"publisher":{"@type":"Organization","name":"bend.cz","logo":{"@type":"ImageObject","@id":"\/logo.png","url":"\/logo.png","width":600,"height":60}},"image":{"@type":"ImageObject","@id":"https:\/\/www.bend.cz\/wp-content\/uploads\/architectural-389253_1280_1.jpg","url":"https:\/\/www.bend.cz\/wp-content\/uploads\/architectural-389253_1280_1.jpg","height":0,"width":0},"keywords":null},{"@type":"Article","@id":"https:\/\/www.bend.cz\/novy-design-bytu\/","headline":"Nov\u00fd design bytu","url":"https:\/\/www.bend.cz\/novy-design-bytu\/","datePublished":"2022-11-13","dateModified":"2023-06-15","mainEntityOfPage":"https:\/\/www.bend.cz\/novy-design-bytu\/","author":{"@type":"Person","@id":"https:\/\/www.bend.cz\/author\/#Person","name":"","url":"https:\/\/www.bend.cz\/author\/","identifier":1,"image":{"@type":"ImageObject","@id":"https:\/\/secure.gravatar.com\/avatar\/9cae764794acc12213aa530e21558ed2bd96c03f91e0c3ad21cc1905765be658?s=96&d=mm&r=g","url":"https:\/\/secure.gravatar.com\/avatar\/9cae764794acc12213aa530e21558ed2bd96c03f91e0c3ad21cc1905765be658?s=96&d=mm&r=g","height":96,"width":96}},"publisher":{"@type":"Organization","name":"bend.cz","logo":{"@type":"ImageObject","@id":"\/logo.png","url":"\/logo.png","width":600,"height":60}},"image":{"@type":"ImageObject","@id":"https:\/\/www.bend.cz\/wp-content\/uploads\/book-2020460_960_720.jpg","url":"https:\/\/www.bend.cz\/wp-content\/uploads\/book-2020460_960_720.jpg","height":0,"width":0},"keywords":null},{"@type":"Article","@id":"https:\/\/www.bend.cz\/mobilni-domy-za-hubicku\/","headline":"Mobiln\u00ed domy za hubi\u010dku","url":"https:\/\/www.bend.cz\/mobilni-domy-za-hubicku\/","datePublished":"2022-09-11","dateModified":"2022-09-11","mainEntityOfPage":"https:\/\/www.bend.cz\/mobilni-domy-za-hubicku\/","author":{"@type":"Person","@id":"https:\/\/www.bend.cz\/author\/#Person","name":"","url":"https:\/\/www.bend.cz\/author\/","identifier":1,"image":{"@type":"ImageObject","@id":"https:\/\/secure.gravatar.com\/avatar\/9cae764794acc12213aa530e21558ed2bd96c03f91e0c3ad21cc1905765be658?s=96&d=mm&r=g","url":"https:\/\/secure.gravatar.com\/avatar\/9cae764794acc12213aa530e21558ed2bd96c03f91e0c3ad21cc1905765be658?s=96&d=mm&r=g","height":96,"width":96}},"publisher":{"@type":"Organization","name":"bend.cz","logo":{"@type":"ImageObject","@id":"\/logo.png","url":"\/logo.png","width":600,"height":60}},"image":{"@type":"ImageObject","@id":"https:\/\/www.bend.cz\/wp-content\/uploads\/tiny-house-g6bd32aa76_1920.jpg","url":"https:\/\/www.bend.cz\/wp-content\/uploads\/tiny-house-g6bd32aa76_1920.jpg","height":0,"width":0},"keywords":null}]}