[{"@context":"https:\/\/schema.org\/","@type":"Article","@id":"https:\/\/www.bend.cz\/hura-do-detske-kojenecke-mody\/#Article","mainEntityOfPage":"https:\/\/www.bend.cz\/hura-do-detske-kojenecke-mody\/","headline":"Hur\u00e1 do d\u011btsk\u00e9 kojeneck\u00e9 m\u00f3dy","name":"Hur\u00e1 do d\u011btsk\u00e9 kojeneck\u00e9 m\u00f3dy","description":"je jednou z prvn\u00edch v\u011bc\u00ed, o kter\u00e9 se za\u010dne budouc\u00ed maminka strachovat. Jak vybrat to prav\u00e9, jakou zvolit velikost, jakou barvu a mnoho dal\u0161\u00edho. Prohl\u00e9dn\u011bte &hellip; ","datePublished":"2024-12-18","dateModified":"2024-12-18","author":{"@type":"Person","@id":"https:\/\/www.bend.cz\/author\/#Person","name":"","url":"https:\/\/www.bend.cz\/author\/","identifier":1,"image":{"@type":"ImageObject","@id":"https:\/\/secure.gravatar.com\/avatar\/9cae764794acc12213aa530e21558ed2bd96c03f91e0c3ad21cc1905765be658?s=96&d=mm&r=g","url":"https:\/\/secure.gravatar.com\/avatar\/9cae764794acc12213aa530e21558ed2bd96c03f91e0c3ad21cc1905765be658?s=96&d=mm&r=g","height":96,"width":96}},"publisher":{"@type":"Organization","name":"bend.cz","logo":{"@type":"ImageObject","@id":"\/logo.png","url":"\/logo.png","width":600,"height":60}},"url":"https:\/\/www.bend.cz\/hura-do-detske-kojenecke-mody\/","wordCount":170,"articleBody":" je jednou z prvn\u00edch v\u011bc\u00ed, o kter\u00e9 se za\u010dne budouc\u00ed maminka strachovat. Jak vybrat to prav\u00e9, jakou zvolit velikost, jakou barvu a mnoho dal\u0161\u00edho. Prohl\u00e9dn\u011bte si na\u0161e internetov\u00e9 str\u00e1nky, kde V\u00e1m r\u00e1di pom\u016f\u017eeme. Vy si tedy m\u016f\u017eete ud\u011blat p\u0159esn\u011bj\u0161\u00ed p\u0159edstavu. Na\u0161e spole\u010dnost se zam\u011b\u0159ila na kojeneck\u00e9 oble\u010den\u00ed pro d\u011bti zejm\u00e9na do 3 let, ale vyberou si zde i o n\u011bco star\u0161\u00ed d\u011bti. Krom\u011b oble\u010den\u00ed u n\u00e1s najdete i dal\u0161\u00ed zbo\u017e\u00ed ur\u010den\u00e9 pro kojence a mimka, jako nap\u0159. osu\u0161ky, brynd\u00e1\u010dky, nebo dal\u0161\u00ed vychyt\u00e1vky. Kojeneck\u00e9 oble\u010den\u00ed &#8211; velikost Krom\u011b kvality a p\u0159\u00edsn\u00fdch norem, kter\u00e9 mus\u00ed kojeneck\u00e9 oble\u010den\u00ed spl\u0148ovat, je tak\u00e9 d\u016fle\u017eit\u00e9 vybrat tu spr\u00e1vnou velikost pro Va\u0161e d\u00edt\u011b. U n\u00e1s najdete p\u0159ehledn\u00e9 tabulky velikost\u00ed, kter\u00e9 jsou rozd\u011blen\u00e9 podle jednotliv\u00fdch druh\u016f oble\u010den\u00ed a v\u011bku d\u00edt\u011bte.                                                                                                                                                                                                                                                                                                                                                                                        3.7\/5 - (3 votes)        "},{"@context":"https:\/\/schema.org\/","@type":"BreadcrumbList","itemListElement":[{"@type":"ListItem","position":1,"name":"Hur\u00e1 do d\u011btsk\u00e9 kojeneck\u00e9 m\u00f3dy","item":"https:\/\/www.bend.cz\/hura-do-detske-kojenecke-mody\/#breadcrumbitem"}]}]