[{"@context":"https:\/\/schema.org\/","@type":"Article","@id":"https:\/\/www.bend.cz\/idealni-pro-prace-ve-vyskach\/#Article","mainEntityOfPage":"https:\/\/www.bend.cz\/idealni-pro-prace-ve-vyskach\/","headline":"Ide\u00e1ln\u00ed pro pr\u00e1ce ve v\u00fd\u0161k\u00e1ch","name":"Ide\u00e1ln\u00ed pro pr\u00e1ce ve v\u00fd\u0161k\u00e1ch","description":"Pracujete ve v\u00fd\u0161k\u00e1ch? Mo\u017en\u00e1 byste ocenily jednu z na\u0161ich vysokozdvi\u017en\u00fdch plo\u0161in. M\u016f\u017eeme V\u00e1m je nab\u00eddnout v mnoha verz\u00edch. Mnoh\u00e9 jdou dokonce vybaveny speci\u00e1ln\u00edm elektromotorem, tak\u017ee &hellip; ","datePublished":"2024-12-01","dateModified":"2024-12-01","author":{"@type":"Person","@id":"https:\/\/www.bend.cz\/author\/#Person","name":"","url":"https:\/\/www.bend.cz\/author\/","identifier":1,"image":{"@type":"ImageObject","@id":"https:\/\/secure.gravatar.com\/avatar\/9cae764794acc12213aa530e21558ed2bd96c03f91e0c3ad21cc1905765be658?s=96&d=mm&r=g","url":"https:\/\/secure.gravatar.com\/avatar\/9cae764794acc12213aa530e21558ed2bd96c03f91e0c3ad21cc1905765be658?s=96&d=mm&r=g","height":96,"width":96}},"publisher":{"@type":"Organization","name":"bend.cz","logo":{"@type":"ImageObject","@id":"\/logo.png","url":"\/logo.png","width":600,"height":60}},"url":"https:\/\/www.bend.cz\/idealni-pro-prace-ve-vyskach\/","wordCount":167,"articleBody":"Pracujete ve v\u00fd\u0161k\u00e1ch? Mo\u017en\u00e1 byste ocenily jednu z na\u0161ich vysokozdvi\u017en\u00fdch plo\u0161in. M\u016f\u017eeme V\u00e1m je nab\u00eddnout v mnoha verz\u00edch. Mnoh\u00e9 jdou dokonce vybaveny speci\u00e1ln\u00edm elektromotorem, tak\u017ee nijak nezat\u011b\u017euj\u00ed \u017eivotn\u00ed prost\u0159ed\u00ed. Pron\u00e1jem u na\u0161\u00ed firmy je velice jednoduch\u00fd. Sta\u010d\u00ed, kdy\u017e n\u00e1s kontaktujete a vyberete si datum a m\u00edsto, kam chcete plo\u0161inu dodat. Pro pr\u00e1ce v hal\u00e1ch i venku V\u0161echny na\u0161e plo\u0161iny maj\u00ed jedno spole\u010dn\u00e9ho &#8211; jsou pravideln\u011b udr\u017eovan\u00e9 a tud\u00ed\u017e i ve skv\u011bl\u00e9m technick\u00e9m stavu. Zap\u016fj\u010dit si u n\u00e1s m\u016f\u017eete stroje do venkovn\u00edho prost\u0159ed\u00ed, i ty, kter\u00e9 jsou vhodn\u00e9 pro pr\u00e1ce v hal\u00e1ch. Nevytv\u00e1\u0159ej\u00ed \u017e\u00e1dn\u00e9 zplodiny, tak\u017ee nezamo\u0159uj\u00ed sv\u00e9 okol\u00ed. Tyto stroje se hod\u00ed ov\u0161em pouze pro pr\u00e1ci v rovn\u00fdch ter\u00e9nech, tak\u017ee s nimi nezkou\u0161ejte pracovat na nerovn\u00fdch podkladech.                                                                                                                                                                                                                                                                                                                                                                                        3.7\/5 - (3 votes)        "},{"@context":"https:\/\/schema.org\/","@type":"BreadcrumbList","itemListElement":[{"@type":"ListItem","position":1,"name":"Ide\u00e1ln\u00ed pro pr\u00e1ce ve v\u00fd\u0161k\u00e1ch","item":"https:\/\/www.bend.cz\/idealni-pro-prace-ve-vyskach\/#breadcrumbitem"}]}]