[{"@context":"https:\/\/schema.org\/","@type":"Article","@id":"https:\/\/www.bend.cz\/kde-uzijete-klimatizaci\/#Article","mainEntityOfPage":"https:\/\/www.bend.cz\/kde-uzijete-klimatizaci\/","headline":"Kde u\u017eijete klimatizaci","name":"Kde u\u017eijete klimatizaci","description":"V n\u011bkter\u00fdch lokalit\u00e1ch v \u010cesk\u00e9 republice nem\u00e1 po\u0159\u00edzen\u00ed klimatizace p\u0159\u00edli\u0161 praktick\u00fd v\u00fdznam. Jde zejm\u00e9na o horsk\u00e9 oblasti, kde letn\u00ed teploty m\u00e1lokdy p\u0159es\u00e1hnou hodnotu 25 stup\u0148\u016f, &hellip; ","datePublished":"2022-09-02","dateModified":"2024-02-12","author":{"@type":"Person","@id":"https:\/\/www.bend.cz\/author\/#Person","name":"","url":"https:\/\/www.bend.cz\/author\/","identifier":1,"image":{"@type":"ImageObject","@id":"https:\/\/secure.gravatar.com\/avatar\/9cae764794acc12213aa530e21558ed2bd96c03f91e0c3ad21cc1905765be658?s=96&d=mm&r=g","url":"https:\/\/secure.gravatar.com\/avatar\/9cae764794acc12213aa530e21558ed2bd96c03f91e0c3ad21cc1905765be658?s=96&d=mm&r=g","height":96,"width":96}},"publisher":{"@type":"Organization","name":"bend.cz","logo":{"@type":"ImageObject","@id":"\/logo.png","url":"\/logo.png","width":600,"height":60}},"image":{"@type":"ImageObject","@id":"https:\/\/www.bend.cz\/wp-content\/uploads\/art-most-construction-g9820fd3cb_640.jpg","url":"https:\/\/www.bend.cz\/wp-content\/uploads\/art-most-construction-g9820fd3cb_640.jpg","height":0,"width":0},"url":"https:\/\/www.bend.cz\/kde-uzijete-klimatizaci\/","about":["Produkty"],"wordCount":445,"articleBody":"   V n\u011bkter\u00fdch lokalit\u00e1ch v \u010cesk\u00e9 republice nem\u00e1 po\u0159\u00edzen\u00ed klimatizace p\u0159\u00edli\u0161 praktick\u00fd v\u00fdznam. Jde zejm\u00e9na o horsk\u00e9 oblasti, kde letn\u00ed teploty m\u00e1lokdy p\u0159es\u00e1hnou hodnotu 25 stup\u0148\u016f, a tato teplota je zde sp\u00ed\u0161e v\u00edtan\u00e1, ne\u017e aby byla na obt\u00ed\u017e. P\u0159edstavte si nap\u0159. takovou Lu\u010dn\u00ed boudu v Krkono\u0161\u00edch, tam se udr\u017e\u00ed sn\u00edh je\u0161t\u011b v kv\u011btnu a v z\u00e1\u0159\u00ed ji\u017e za\u010d\u00ednaj\u00ed teploty op\u011bt v\u00fdrazn\u011b klesat, n\u011bkdy a\u017e pod bod mrazu. A pro p\u0159it\u00e1p\u011bn\u00ed by zas klimatizace nebyla p\u0159\u00edli\u0161 ekonomicky rentabiln\u00ed. Kam se tedy klimatizace zejm\u00e9na hod\u00ed?Teplotn\u00ed rekordyJe zn\u00e1mo, \u017ee ve venkovsk\u00fdch oblastech je v\u00edce mo\u017enost\u00ed k p\u0159irozen\u00e9mu ochlazen\u00ed, ne\u017e ve m\u011bstech. Jsou to nap\u0159. lesy a rem\u00edzky, parky, travnat\u00e9 plochy, lok\u00e1ln\u00ed zahrady apod. V n\u011bkter\u00fdch lokalit\u00e1ch je v\u0161ak i venkov zasti\u017een tropick\u00fdmi vedry v neb\u00fdval\u00e9m m\u011b\u0159\u00edtku. Je to nap\u0159\u00edklad v n\u00ed\u017ein\u00e1ch, jako je Polab\u00ed, Han\u00e1 (Hornomoravsk\u00fd \u00faval), Dyjskosvrateck\u00fd \u00faval v okol\u00ed Mikulova a Znojma, Opavsk\u00e1 pahorkatina, Polabsk\u00e1 n\u00ed\u017eina (\u010cesk\u00e1 tabule), Dolnooharsk\u00e1 tabule v okol\u00ed \u017datce a Loun a \u010ceskobud\u011bjovick\u00e1 a T\u0159ebo\u0148sk\u00e1 p\u00e1nev. V\u011bt\u0161\u00ed m\u011bstaObrovsk\u00fd n\u00e1por na psychiku i fyzick\u00e9 t\u011blo za\u017e\u00edvaj\u00ed v letn\u00edch m\u011bs\u00edc\u00edch lid\u00e9 ve v\u011b\u0161\u00edch m\u011bstsk\u00fdch celc\u00edch, a to zejm\u00e9na tam, kde je siln\u011bj\u0161\u00ed automobilov\u00fd provoz \u010di pr\u016fmyslov\u00e1 v\u00fdroba. Pr\u016fmysl a automobily toti\u017e v\u00fdrazn\u011b p\u0159isp\u00edvaj\u00ed ke vzniku smogov\u00e9ho mraku, a nav\u00edc v kombinaci s domovn\u00ed z\u00e1stavbou tu vznik\u00e1 prost\u0159ed\u00ed s vy\u0161\u0161\u00ed teplotou ovzdu\u0161\u00ed, ne\u017e jak\u00e1 b\u00fdv\u00e1 v okoln\u00ed p\u0159\u00edrod\u011b. M\u016f\u017ee se tedy st\u00e1t, \u017ee nap\u0159. v centru Opavy nam\u011b\u0159\u00edte v ulic\u00edch teplotu a\u017e + 40 stup\u0148\u016f Celsia ve st\u00ednu, zat\u00edmco ve stejn\u00fd den nedaleko odtud v Horn\u00edm Bene\u0161ov\u011b \u201epouze\u201c +32 stup\u0148\u016f Celsia. To u\u017e je v\u00fdznamn\u00fd rozd\u00edl, nehled\u011b na to, \u017ee zdivo ve m\u011bstech akumuluje teplo, a k o\u010dek\u00e1van\u00e9mu ochlazen\u00ed ovzdu\u0161\u00ed nedoch\u00e1z\u00ed ani v noci, proto\u017ee se do okol\u00ed s\u00e1lav\u00e9 teplo postupn\u011b uvol\u0148uje.Bydl\u00edte-li v podobn\u00fdch lokalit\u00e1ch a jste-li ohro\u017eov\u00e1ni tropick\u00fdmi vedry, zva\u017ete tedy, zda by nebylo rozumn\u00e9 po\u0159\u00eddit klimatizaci v Plzni, v \u010cesk\u00fdch Bud\u011bjovic\u00edch, v M\u011bln\u00edku, v \u010c\u00e1slavi a na dal\u0161\u00edch m\u00edstech, kde na tom nejste tak dob\u0159e, jako lid\u00e9 v okol\u00ed Lu\u010dn\u00ed boudy, nedaleko na\u0161\u00ed nejvy\u0161\u0161\u00ed hory Sn\u011b\u017eky.                                                                                                                                                                                                                                                                                                                                                                                          3.8\/5 - (5 votes)        "},{"@context":"https:\/\/schema.org\/","@type":"BreadcrumbList","itemListElement":[{"@type":"ListItem","position":1,"name":"Kde u\u017eijete klimatizaci","item":"https:\/\/www.bend.cz\/kde-uzijete-klimatizaci\/#breadcrumbitem"}]}]