[{"@context":"https:\/\/schema.org\/","@type":"Article","@id":"https:\/\/www.bend.cz\/krasne-bydleni\/#Article","mainEntityOfPage":"https:\/\/www.bend.cz\/krasne-bydleni\/","headline":"Kr\u00e1sn\u00e9 bydlen\u00ed","name":"Kr\u00e1sn\u00e9 bydlen\u00ed","description":"J\u00e1 si mysl\u00edm, \u017ee je opravdu hodn\u011b lid\u00ed, kte\u0159\u00ed maj\u00ed sv\u016fj styl takov\u00fd, \u017ee si ud\u011blaj\u00ed kr\u00e1sn\u00e9 bydlen\u00ed, \u017ee si jednodu\u0161e vysn\u00ed takov\u00e9 bydlen\u00ed, kter\u00e9 &hellip; ","datePublished":"2023-04-25","dateModified":"2023-04-25","author":{"@type":"Person","@id":"https:\/\/www.bend.cz\/author\/#Person","name":"","url":"https:\/\/www.bend.cz\/author\/","identifier":1,"image":{"@type":"ImageObject","@id":"https:\/\/secure.gravatar.com\/avatar\/9cae764794acc12213aa530e21558ed2bd96c03f91e0c3ad21cc1905765be658?s=96&d=mm&r=g","url":"https:\/\/secure.gravatar.com\/avatar\/9cae764794acc12213aa530e21558ed2bd96c03f91e0c3ad21cc1905765be658?s=96&d=mm&r=g","height":96,"width":96}},"publisher":{"@type":"Organization","name":"bend.cz","logo":{"@type":"ImageObject","@id":"\/logo.png","url":"\/logo.png","width":600,"height":60}},"image":{"@type":"ImageObject","@id":"https:\/\/www.bend.cz\/wp-content\/uploads\/architectural-389253_1280_1.jpg","url":"https:\/\/www.bend.cz\/wp-content\/uploads\/architectural-389253_1280_1.jpg","height":0,"width":0},"url":"https:\/\/www.bend.cz\/krasne-bydleni\/","about":["Bydlen\u00ed"],"wordCount":461,"articleBody":"J\u00e1 si mysl\u00edm, \u017ee je opravdu hodn\u011b lid\u00ed, kte\u0159\u00ed maj\u00ed sv\u016fj styl takov\u00fd, \u017ee si ud\u011blaj\u00ed kr\u00e1sn\u00e9 bydlen\u00ed, \u017ee si jednodu\u0161e vysn\u00ed takov\u00e9 bydlen\u00ed, kter\u00e9 by cht\u011bly m\u00edt. Ale na druhou\u00a0stranu j\u00e1 se tomu v\u016fbec nediv\u00edm, proto\u017ee opravdu ka\u017ed\u00fd \u010dlov\u011bk chce bydlet tak, jak by se mu l\u00edbilo. Ov\u0161em je z\u00e1drhel v tom, \u017ee, kdy\u017e na to lid\u00e9 maj\u00ed pen\u00edze anebo na to t\u0159eba tak\u00e9 nemaj\u00ed pen\u00edze. J\u00e1 bych si t\u0159eba taky p\u0159\u00e1la opravdu velik\u00fd d\u016fm, nejl\u00e9pe n\u011bjakou vilu a tam bych si uspo\u0159\u00e1dala a vylep\u0161ila sv\u00e9 bydlen\u00ed. Mn\u011b by se l\u00edbilo, kdybych m\u011bla opravdu velikou terasu a t\u0159eba d\u016fm, kter\u00fd by byl t\u0159\u00edposcho\u010fov\u00fd. Cht\u011bla bych m\u00edt lo\u017enici opravdu naho\u0159e a aby v\u0161ude okolo byla velik\u00e1 terasa. \u0158ekn\u011bte mi, kter\u00e9mu \u010dlov\u011bku by se takov\u00e9to bydlen\u00ed nel\u00edbilo.Mysl\u00edm si, \u017ee ka\u017ed\u00fd by po tomhle tou\u017eil, ale taky v\u00e1m \u0159eknu, \u017ee kdy\u017e jsem tohle pov\u011bd\u011bla sv\u00e9 mamince, tak ona mi \u0159ekla, \u017ee by se j\u00ed to taky l\u00edbilo, ale musela by m\u00edt doma alespo\u0148 dv\u011b\u00a0ukl\u00edze\u010dky. No, mo\u017en\u00e1 na tom n\u011bco je pravdy, proto\u017ee ukl\u00edzet velik\u00fd t\u0159\u00edpatrov\u00fd d\u016fm mus\u00ed b\u00fdt opravdu hodn\u011b n\u00e1ro\u010dn\u00e9 a tak\u00e9 slo\u017eit\u00e9. Proto jsem si \u0159ekla, \u017ee bych si rad\u011bji spokojila s n\u011bjak\u00fdm p\u0159\u00edzemn\u00edm bydlen\u00edm. I tohle m\u016f\u017ee b\u00fdt opravdu p\u0159\u00edjemn\u00e9 a p\u011bkn\u00e9. Hlavn\u011b jde o to, abyste se tam c\u00edtili dob\u0159e.Tak\u00e9 m\u00e1m r\u00e1da minimalismus, proto bych si p\u0159\u00e1la, aby moje bydlen\u00ed bylo hlavn\u011b v takov\u00e9m minimalistick\u00e9m stylu, proto\u017ee se mi to l\u00edb\u00ed nejv\u00edc. Tak jsem si \u0159ekla, \u017ee kdybych se n\u011bkdy partnera ptala, jestli by\u00a0cht\u011bl\u00a0m\u00edt\u00a0d\u016fm anebo byt, tak on by mi ur\u010dit\u011b \u0159ekl, \u017ee d\u016fm. A\u00a0v\u00edte pro\u010d? Proto\u017ee m\u016fj partner cel\u00fd \u017eivot vyr\u016fstal v dom\u011b, tak\u017ee absolutn\u011b si asi nedok\u00e1\u017ee p\u0159edstavit fakt, \u017ee by bydlel pak dokonce \u017eivota v n\u011bjak\u00e9m mal\u00e9m byt\u011b mezi \u010dty\u0159mi\u00a0st\u011bnami, t\u0159eba o velikosti t\u0159i plus jedna. J\u00e1 zase ch\u00e1pu, \u017ee by se tohle partnerovi nel\u00edbilo bydlet v n\u00e1jmu v mal\u00e9m byt\u011b, kdy\u017e cel\u00fd \u017eivot bydlel ve velk\u00e9m dom\u011b. Ale kdy\u017e si \u010dlov\u011bk ud\u011bl\u00e1 p\u011bkn\u00e9 bydlen\u00ed, kde se mu l\u00edb\u00ed, tak je to podle m\u00e9ho n\u00e1zoru dob\u0159e. Tady jde hlavn\u011b o pohodl\u00ed lid\u00ed.\u00a0                                                                                                                                                                                                                                                                                                                                                                                        3.8\/5 - (9 votes)        "},{"@context":"https:\/\/schema.org\/","@type":"BreadcrumbList","itemListElement":[{"@type":"ListItem","position":1,"name":"Kr\u00e1sn\u00e9 bydlen\u00ed","item":"https:\/\/www.bend.cz\/krasne-bydleni\/#breadcrumbitem"}]}]