[{"@context":"https:\/\/schema.org\/","@type":"Blog","@id":"https:\/\/www.bend.cz#Blog","headline":"Bend","description":"\nKa\u017ed\u00fd web na internetu m\u00e1 sv\u00e9 ur\u010dit\u00e9 posl\u00e1n\u00ed. A pokud chcete v\u011bd\u011bt, co je posl\u00e1n\u00edm na\u0161eho webu, je j\u00edm snaha v\u00e1m maxim\u00e1ln\u011b usnadnit v\u00e1\u0161 \u017eivot.","url":"https:\/\/www.bend.cz","hasPart":[{"@type":"Article","@id":"https:\/\/www.bend.cz\/jak-se-provadi-cisteni-vzduchotechniky\/","headline":"Jak se prov\u00e1d\u00ed \u010di\u0161t\u011bn\u00ed vzduchotechniky","url":"https:\/\/www.bend.cz\/jak-se-provadi-cisteni-vzduchotechniky\/","datePublished":"2022-10-10","dateModified":"2023-05-03","mainEntityOfPage":"https:\/\/www.bend.cz\/jak-se-provadi-cisteni-vzduchotechniky\/","author":{"@type":"Person","@id":"https:\/\/www.bend.cz\/author\/#Person","name":"","url":"https:\/\/www.bend.cz\/author\/","identifier":1,"image":{"@type":"ImageObject","@id":"https:\/\/secure.gravatar.com\/avatar\/9cae764794acc12213aa530e21558ed2bd96c03f91e0c3ad21cc1905765be658?s=96&d=mm&r=g","url":"https:\/\/secure.gravatar.com\/avatar\/9cae764794acc12213aa530e21558ed2bd96c03f91e0c3ad21cc1905765be658?s=96&d=mm&r=g","height":96,"width":96}},"publisher":{"@type":"Organization","name":"bend.cz","logo":{"@type":"ImageObject","@id":"\/logo.png","url":"\/logo.png","width":600,"height":60}},"image":{"@type":"ImageObject","@id":"https:\/\/www.bend.cz\/wp-content\/uploads\/klimatizace3.jpg","url":"https:\/\/www.bend.cz\/wp-content\/uploads\/klimatizace3.jpg","height":0,"width":0},"wordCount":613,"keywords":null},{"@type":"Article","@id":"https:\/\/www.bend.cz\/testosteron-tablety-nabidka\/","headline":"Testosteron tablety nab\u00eddka","url":"https:\/\/www.bend.cz\/testosteron-tablety-nabidka\/","datePublished":"2022-10-09","dateModified":"2023-05-03","mainEntityOfPage":"https:\/\/www.bend.cz\/testosteron-tablety-nabidka\/","author":{"@type":"Person","@id":"https:\/\/www.bend.cz\/author\/#Person","name":"","url":"https:\/\/www.bend.cz\/author\/","identifier":1,"image":{"@type":"ImageObject","@id":"https:\/\/secure.gravatar.com\/avatar\/9cae764794acc12213aa530e21558ed2bd96c03f91e0c3ad21cc1905765be658?s=96&d=mm&r=g","url":"https:\/\/secure.gravatar.com\/avatar\/9cae764794acc12213aa530e21558ed2bd96c03f91e0c3ad21cc1905765be658?s=96&d=mm&r=g","height":96,"width":96}},"publisher":{"@type":"Organization","name":"bend.cz","logo":{"@type":"ImageObject","@id":"\/logo.png","url":"\/logo.png","width":600,"height":60}},"image":{"@type":"ImageObject","@id":"https:\/\/www.bend.cz\/wp-content\/uploads\/testosterone-7140308_640.jpg","url":"https:\/\/www.bend.cz\/wp-content\/uploads\/testosterone-7140308_640.jpg","height":0,"width":0},"wordCount":664,"keywords":null},{"@type":"Article","@id":"https:\/\/www.bend.cz\/jak-vytvorit-ty-nejlepsi-darkove-balicky-k-vanocum\/","headline":"Jak vytvo\u0159it ty nejlep\u0161\u00ed d\u00e1rkov\u00e9 bal\u00ed\u010dky k V\u00e1noc\u016fm?","url":"https:\/\/www.bend.cz\/jak-vytvorit-ty-nejlepsi-darkove-balicky-k-vanocum\/","datePublished":"2022-10-09","dateModified":"2023-05-03","mainEntityOfPage":"https:\/\/www.bend.cz\/jak-vytvorit-ty-nejlepsi-darkove-balicky-k-vanocum\/","author":{"@type":"Person","@id":"https:\/\/www.bend.cz\/author\/#Person","name":"","url":"https:\/\/www.bend.cz\/author\/","identifier":1,"image":{"@type":"ImageObject","@id":"https:\/\/secure.gravatar.com\/avatar\/9cae764794acc12213aa530e21558ed2bd96c03f91e0c3ad21cc1905765be658?s=96&d=mm&r=g","url":"https:\/\/secure.gravatar.com\/avatar\/9cae764794acc12213aa530e21558ed2bd96c03f91e0c3ad21cc1905765be658?s=96&d=mm&r=g","height":96,"width":96}},"publisher":{"@type":"Organization","name":"bend.cz","logo":{"@type":"ImageObject","@id":"\/logo.png","url":"\/logo.png","width":600,"height":60}},"image":{"@type":"ImageObject","@id":"https:\/\/www.bend.cz\/wp-content\/uploads\/pexels-igor-haritanovich-1695052_1.jpg","url":"https:\/\/www.bend.cz\/wp-content\/uploads\/pexels-igor-haritanovich-1695052_1.jpg","height":0,"width":0},"wordCount":1126,"keywords":null},{"@type":"Article","@id":"https:\/\/www.bend.cz\/jste-si-jisti-ze-provadite-dentalni-hygienu-spravne\/","headline":"Jste si jisti, \u017ee prov\u00e1d\u00edte dent\u00e1ln\u00ed hygienu spr\u00e1vn\u011b","url":"https:\/\/www.bend.cz\/jste-si-jisti-ze-provadite-dentalni-hygienu-spravne\/","datePublished":"2022-09-30","dateModified":"2023-09-13","mainEntityOfPage":"https:\/\/www.bend.cz\/jste-si-jisti-ze-provadite-dentalni-hygienu-spravne\/","author":{"@type":"Person","@id":"https:\/\/www.bend.cz\/author\/#Person","name":"","url":"https:\/\/www.bend.cz\/author\/","identifier":1,"image":{"@type":"ImageObject","@id":"https:\/\/secure.gravatar.com\/avatar\/9cae764794acc12213aa530e21558ed2bd96c03f91e0c3ad21cc1905765be658?s=96&d=mm&r=g","url":"https:\/\/secure.gravatar.com\/avatar\/9cae764794acc12213aa530e21558ed2bd96c03f91e0c3ad21cc1905765be658?s=96&d=mm&r=g","height":96,"width":96}},"publisher":{"@type":"Organization","name":"bend.cz","logo":{"@type":"ImageObject","@id":"\/logo.png","url":"\/logo.png","width":600,"height":60}},"image":{"@type":"ImageObject","@id":"https:\/\/www.bend.cz\/wp-content\/uploads\/teeth-g78b920db8_640.jpg","url":"https:\/\/www.bend.cz\/wp-content\/uploads\/teeth-g78b920db8_640.jpg","height":0,"width":0},"wordCount":546,"keywords":null},{"@type":"Article","@id":"https:\/\/www.bend.cz\/v-chorvatsku-je-krasne-po-cely-rok\/","headline":"V Chorvatsku je kr\u00e1sn\u011b po cel\u00fd rok","url":"https:\/\/www.bend.cz\/v-chorvatsku-je-krasne-po-cely-rok\/","datePublished":"2022-09-25","dateModified":"2023-05-03","mainEntityOfPage":"https:\/\/www.bend.cz\/v-chorvatsku-je-krasne-po-cely-rok\/","author":{"@type":"Person","@id":"https:\/\/www.bend.cz\/author\/#Person","name":"","url":"https:\/\/www.bend.cz\/author\/","identifier":1,"image":{"@type":"ImageObject","@id":"https:\/\/secure.gravatar.com\/avatar\/9cae764794acc12213aa530e21558ed2bd96c03f91e0c3ad21cc1905765be658?s=96&d=mm&r=g","url":"https:\/\/secure.gravatar.com\/avatar\/9cae764794acc12213aa530e21558ed2bd96c03f91e0c3ad21cc1905765be658?s=96&d=mm&r=g","height":96,"width":96}},"publisher":{"@type":"Organization","name":"bend.cz","logo":{"@type":"ImageObject","@id":"\/logo.png","url":"\/logo.png","width":600,"height":60}},"image":{"@type":"ImageObject","@id":"https:\/\/www.bend.cz\/wp-content\/uploads\/krka-g786004828_640.jpg","url":"https:\/\/www.bend.cz\/wp-content\/uploads\/krka-g786004828_640.jpg","height":0,"width":0},"wordCount":530,"keywords":null},{"@type":"Article","@id":"https:\/\/www.bend.cz\/umele-kvetiny-jsou-paradni-do-vencu\/","headline":"Um\u011bl\u00e9 kv\u011btiny jsou par\u00e1dn\u00ed do v\u011bnc\u016f","url":"https:\/\/www.bend.cz\/umele-kvetiny-jsou-paradni-do-vencu\/","datePublished":"2022-09-20","dateModified":"2023-05-03","mainEntityOfPage":"https:\/\/www.bend.cz\/umele-kvetiny-jsou-paradni-do-vencu\/","author":{"@type":"Person","@id":"https:\/\/www.bend.cz\/author\/#Person","name":"","url":"https:\/\/www.bend.cz\/author\/","identifier":1,"image":{"@type":"ImageObject","@id":"https:\/\/secure.gravatar.com\/avatar\/9cae764794acc12213aa530e21558ed2bd96c03f91e0c3ad21cc1905765be658?s=96&d=mm&r=g","url":"https:\/\/secure.gravatar.com\/avatar\/9cae764794acc12213aa530e21558ed2bd96c03f91e0c3ad21cc1905765be658?s=96&d=mm&r=g","height":96,"width":96}},"publisher":{"@type":"Organization","name":"bend.cz","logo":{"@type":"ImageObject","@id":"\/logo.png","url":"\/logo.png","width":600,"height":60}},"image":{"@type":"ImageObject","@id":"https:\/\/www.bend.cz\/wp-content\/uploads\/girl-gbaf6c71f5_1920.jpg","url":"https:\/\/www.bend.cz\/wp-content\/uploads\/girl-gbaf6c71f5_1920.jpg","height":0,"width":0},"wordCount":605,"keywords":null},{"@type":"Article","@id":"https:\/\/www.bend.cz\/logicka-hra\/","headline":"Logick\u00e1 hra","url":"https:\/\/www.bend.cz\/logicka-hra\/","datePublished":"2022-09-18","dateModified":"2023-05-03","mainEntityOfPage":"https:\/\/www.bend.cz\/logicka-hra\/","author":{"@type":"Person","@id":"https:\/\/www.bend.cz\/author\/#Person","name":"","url":"https:\/\/www.bend.cz\/author\/","identifier":1,"image":{"@type":"ImageObject","@id":"https:\/\/secure.gravatar.com\/avatar\/9cae764794acc12213aa530e21558ed2bd96c03f91e0c3ad21cc1905765be658?s=96&d=mm&r=g","url":"https:\/\/secure.gravatar.com\/avatar\/9cae764794acc12213aa530e21558ed2bd96c03f91e0c3ad21cc1905765be658?s=96&d=mm&r=g","height":96,"width":96}},"publisher":{"@type":"Organization","name":"bend.cz","logo":{"@type":"ImageObject","@id":"\/logo.png","url":"\/logo.png","width":600,"height":60}},"image":{"@type":"ImageObject","@id":"https:\/\/www.bend.cz\/wp-content\/uploads\/video-game-2234745_960_720.jpg","url":"https:\/\/www.bend.cz\/wp-content\/uploads\/video-game-2234745_960_720.jpg","height":0,"width":0},"wordCount":608,"keywords":null},{"@type":"Article","@id":"https:\/\/www.bend.cz\/chcete-stavet-dum\/","headline":"Chcete stav\u011bt d\u016fm?","url":"https:\/\/www.bend.cz\/chcete-stavet-dum\/","datePublished":"2022-09-18","dateModified":"2023-05-03","mainEntityOfPage":"https:\/\/www.bend.cz\/chcete-stavet-dum\/","author":{"@type":"Person","@id":"https:\/\/www.bend.cz\/author\/#Person","name":"","url":"https:\/\/www.bend.cz\/author\/","identifier":1,"image":{"@type":"ImageObject","@id":"https:\/\/secure.gravatar.com\/avatar\/9cae764794acc12213aa530e21558ed2bd96c03f91e0c3ad21cc1905765be658?s=96&d=mm&r=g","url":"https:\/\/secure.gravatar.com\/avatar\/9cae764794acc12213aa530e21558ed2bd96c03f91e0c3ad21cc1905765be658?s=96&d=mm&r=g","height":96,"width":96}},"publisher":{"@type":"Organization","name":"bend.cz","logo":{"@type":"ImageObject","@id":"\/logo.png","url":"\/logo.png","width":600,"height":60}},"image":{"@type":"ImageObject","@id":"https:\/\/www.bend.cz\/wp-content\/uploads\/euromince.jpg","url":"https:\/\/www.bend.cz\/wp-content\/uploads\/euromince.jpg","height":0,"width":0},"wordCount":591,"keywords":null},{"@type":"Article","@id":"https:\/\/www.bend.cz\/na-tuhle-radu-jsem-si-musela-dat-take-pozor\/","headline":"Na tuhle radu jsem si musela d\u00e1t tak\u00e9 pozor!","url":"https:\/\/www.bend.cz\/na-tuhle-radu-jsem-si-musela-dat-take-pozor\/","datePublished":"2022-09-18","dateModified":"2023-05-03","mainEntityOfPage":"https:\/\/www.bend.cz\/na-tuhle-radu-jsem-si-musela-dat-take-pozor\/","author":{"@type":"Person","@id":"https:\/\/www.bend.cz\/author\/#Person","name":"","url":"https:\/\/www.bend.cz\/author\/","identifier":1,"image":{"@type":"ImageObject","@id":"https:\/\/secure.gravatar.com\/avatar\/9cae764794acc12213aa530e21558ed2bd96c03f91e0c3ad21cc1905765be658?s=96&d=mm&r=g","url":"https:\/\/secure.gravatar.com\/avatar\/9cae764794acc12213aa530e21558ed2bd96c03f91e0c3ad21cc1905765be658?s=96&d=mm&r=g","height":96,"width":96}},"publisher":{"@type":"Organization","name":"bend.cz","logo":{"@type":"ImageObject","@id":"\/logo.png","url":"\/logo.png","width":600,"height":60}},"image":{"@type":"ImageObject","@id":"https:\/\/www.bend.cz\/wp-content\/uploads\/pexels-ali-pazani-2681751_1.jpg","url":"https:\/\/www.bend.cz\/wp-content\/uploads\/pexels-ali-pazani-2681751_1.jpg","height":0,"width":0},"wordCount":625,"keywords":null},{"@type":"Article","@id":"https:\/\/www.bend.cz\/prozijte-skvelou-masaz\/","headline":"Pro\u017eijte skv\u011blou mas\u00e1\u017e","url":"https:\/\/www.bend.cz\/prozijte-skvelou-masaz\/","datePublished":"2022-09-13","dateModified":"2023-05-03","mainEntityOfPage":"https:\/\/www.bend.cz\/prozijte-skvelou-masaz\/","author":{"@type":"Person","@id":"https:\/\/www.bend.cz\/author\/#Person","name":"","url":"https:\/\/www.bend.cz\/author\/","identifier":1,"image":{"@type":"ImageObject","@id":"https:\/\/secure.gravatar.com\/avatar\/9cae764794acc12213aa530e21558ed2bd96c03f91e0c3ad21cc1905765be658?s=96&d=mm&r=g","url":"https:\/\/secure.gravatar.com\/avatar\/9cae764794acc12213aa530e21558ed2bd96c03f91e0c3ad21cc1905765be658?s=96&d=mm&r=g","height":96,"width":96}},"publisher":{"@type":"Organization","name":"bend.cz","logo":{"@type":"ImageObject","@id":"\/logo.png","url":"\/logo.png","width":600,"height":60}},"image":{"@type":"ImageObject","@id":"https:\/\/www.bend.cz\/wp-content\/uploads\/massage-g57a6909cf_640_9.jpg","url":"https:\/\/www.bend.cz\/wp-content\/uploads\/massage-g57a6909cf_640_9.jpg","height":0,"width":0},"wordCount":615,"keywords":null}]},{"@context":"https:\/\/schema.org","@type":"WebSite","@id":"https:\/\/www.bend.cz\/#website","name":"Bend","url":"https:\/\/www.bend.cz","potentialAction":{"@type":"SearchAction","target":"https:\/\/www.bend.cz\/?s={search_term_string}","query-input":"required name=search_term_string"}}]