[{"@context":"https:\/\/schema.org\/","@type":"Blog","@id":"https:\/\/www.bend.cz#Blog","headline":"Bend","description":"\nKa\u017ed\u00fd web na internetu m\u00e1 sv\u00e9 ur\u010dit\u00e9 posl\u00e1n\u00ed. A pokud chcete v\u011bd\u011bt, co je posl\u00e1n\u00edm na\u0161eho webu, je j\u00edm snaha v\u00e1m maxim\u00e1ln\u011b usnadnit v\u00e1\u0161 \u017eivot.","url":"https:\/\/www.bend.cz","hasPart":[{"@type":"Article","@id":"https:\/\/www.bend.cz\/budte-bdeli-a-predvidejte-v-zivote-problemy-i-tam-kde-jsou-skryte\/","headline":"Bu\u010fte bd\u011bl\u00ed a p\u0159edv\u00eddejte v \u017eivot\u011b probl\u00e9my i tam, kde jsou skryt\u00e9","url":"https:\/\/www.bend.cz\/budte-bdeli-a-predvidejte-v-zivote-problemy-i-tam-kde-jsou-skryte\/","datePublished":"2022-09-13","dateModified":"2023-05-03","mainEntityOfPage":"https:\/\/www.bend.cz\/budte-bdeli-a-predvidejte-v-zivote-problemy-i-tam-kde-jsou-skryte\/","author":{"@type":"Person","@id":"https:\/\/www.bend.cz\/author\/#Person","name":"","url":"https:\/\/www.bend.cz\/author\/","identifier":1,"image":{"@type":"ImageObject","@id":"https:\/\/secure.gravatar.com\/avatar\/9cae764794acc12213aa530e21558ed2bd96c03f91e0c3ad21cc1905765be658?s=96&d=mm&r=g","url":"https:\/\/secure.gravatar.com\/avatar\/9cae764794acc12213aa530e21558ed2bd96c03f91e0c3ad21cc1905765be658?s=96&d=mm&r=g","height":96,"width":96}},"publisher":{"@type":"Organization","name":"bend.cz","logo":{"@type":"ImageObject","@id":"\/logo.png","url":"\/logo.png","width":600,"height":60}},"image":{"@type":"ImageObject","@id":"https:\/\/www.bend.cz\/wp-content\/uploads\/pipe-wrench-g6f790e194_640.jpg","url":"https:\/\/www.bend.cz\/wp-content\/uploads\/pipe-wrench-g6f790e194_640.jpg","height":0,"width":0},"wordCount":578,"keywords":null},{"@type":"Article","@id":"https:\/\/www.bend.cz\/vsadte-na-spolehlivost\/","headline":"Vsa\u010fte na spolehlivost","url":"https:\/\/www.bend.cz\/vsadte-na-spolehlivost\/","datePublished":"2022-09-11","dateModified":"2023-05-03","mainEntityOfPage":"https:\/\/www.bend.cz\/vsadte-na-spolehlivost\/","author":{"@type":"Person","@id":"https:\/\/www.bend.cz\/author\/#Person","name":"","url":"https:\/\/www.bend.cz\/author\/","identifier":1,"image":{"@type":"ImageObject","@id":"https:\/\/secure.gravatar.com\/avatar\/9cae764794acc12213aa530e21558ed2bd96c03f91e0c3ad21cc1905765be658?s=96&d=mm&r=g","url":"https:\/\/secure.gravatar.com\/avatar\/9cae764794acc12213aa530e21558ed2bd96c03f91e0c3ad21cc1905765be658?s=96&d=mm&r=g","height":96,"width":96}},"publisher":{"@type":"Organization","name":"bend.cz","logo":{"@type":"ImageObject","@id":"\/logo.png","url":"\/logo.png","width":600,"height":60}},"image":{"@type":"ImageObject","@id":"https:\/\/www.bend.cz\/wp-content\/uploads\/medications-1851178_640.jpg","url":"https:\/\/www.bend.cz\/wp-content\/uploads\/medications-1851178_640.jpg","height":0,"width":0},"wordCount":646,"keywords":null},{"@type":"Article","@id":"https:\/\/www.bend.cz\/mobilni-domy-za-hubicku\/","headline":"Mobiln\u00ed domy za hubi\u010dku","url":"https:\/\/www.bend.cz\/mobilni-domy-za-hubicku\/","datePublished":"2022-09-11","dateModified":"2022-09-11","mainEntityOfPage":"https:\/\/www.bend.cz\/mobilni-domy-za-hubicku\/","author":{"@type":"Person","@id":"https:\/\/www.bend.cz\/author\/#Person","name":"","url":"https:\/\/www.bend.cz\/author\/","identifier":1,"image":{"@type":"ImageObject","@id":"https:\/\/secure.gravatar.com\/avatar\/9cae764794acc12213aa530e21558ed2bd96c03f91e0c3ad21cc1905765be658?s=96&d=mm&r=g","url":"https:\/\/secure.gravatar.com\/avatar\/9cae764794acc12213aa530e21558ed2bd96c03f91e0c3ad21cc1905765be658?s=96&d=mm&r=g","height":96,"width":96}},"publisher":{"@type":"Organization","name":"bend.cz","logo":{"@type":"ImageObject","@id":"\/logo.png","url":"\/logo.png","width":600,"height":60}},"image":{"@type":"ImageObject","@id":"https:\/\/www.bend.cz\/wp-content\/uploads\/tiny-house-g6bd32aa76_1920.jpg","url":"https:\/\/www.bend.cz\/wp-content\/uploads\/tiny-house-g6bd32aa76_1920.jpg","height":0,"width":0},"wordCount":506,"keywords":null},{"@type":"Article","@id":"https:\/\/www.bend.cz\/uzaviratelne-sacky\/","headline":"Uzav\u00edrateln\u00e9 s\u00e1\u010dky","url":"https:\/\/www.bend.cz\/uzaviratelne-sacky\/","datePublished":"2022-09-10","dateModified":"2023-05-03","mainEntityOfPage":"https:\/\/www.bend.cz\/uzaviratelne-sacky\/","author":{"@type":"Person","@id":"https:\/\/www.bend.cz\/author\/#Person","name":"","url":"https:\/\/www.bend.cz\/author\/","identifier":1,"image":{"@type":"ImageObject","@id":"https:\/\/secure.gravatar.com\/avatar\/9cae764794acc12213aa530e21558ed2bd96c03f91e0c3ad21cc1905765be658?s=96&d=mm&r=g","url":"https:\/\/secure.gravatar.com\/avatar\/9cae764794acc12213aa530e21558ed2bd96c03f91e0c3ad21cc1905765be658?s=96&d=mm&r=g","height":96,"width":96}},"publisher":{"@type":"Organization","name":"bend.cz","logo":{"@type":"ImageObject","@id":"\/logo.png","url":"\/logo.png","width":600,"height":60}},"image":{"@type":"ImageObject","@id":"https:\/\/www.bend.cz\/wp-content\/uploads\/tea-1132529_960_720.jpg","url":"https:\/\/www.bend.cz\/wp-content\/uploads\/tea-1132529_960_720.jpg","height":0,"width":0},"wordCount":637,"keywords":null},{"@type":"Article","@id":"https:\/\/www.bend.cz\/na-svatebnim-oznameni-si-dejte-zalezet\/","headline":"Na svatebn\u00edm ozn\u00e1men\u00ed si dejte z\u00e1le\u017eet","url":"https:\/\/www.bend.cz\/na-svatebnim-oznameni-si-dejte-zalezet\/","datePublished":"2022-09-10","dateModified":"2022-09-10","mainEntityOfPage":"https:\/\/www.bend.cz\/na-svatebnim-oznameni-si-dejte-zalezet\/","author":{"@type":"Person","@id":"https:\/\/www.bend.cz\/author\/#Person","name":"","url":"https:\/\/www.bend.cz\/author\/","identifier":1,"image":{"@type":"ImageObject","@id":"https:\/\/secure.gravatar.com\/avatar\/9cae764794acc12213aa530e21558ed2bd96c03f91e0c3ad21cc1905765be658?s=96&d=mm&r=g","url":"https:\/\/secure.gravatar.com\/avatar\/9cae764794acc12213aa530e21558ed2bd96c03f91e0c3ad21cc1905765be658?s=96&d=mm&r=g","height":96,"width":96}},"publisher":{"@type":"Organization","name":"bend.cz","logo":{"@type":"ImageObject","@id":"\/logo.png","url":"\/logo.png","width":600,"height":60}},"image":{"@type":"ImageObject","@id":"https:\/\/www.bend.cz\/wp-content\/uploads\/layout-g4f51ac03d_640.jpg","url":"https:\/\/www.bend.cz\/wp-content\/uploads\/layout-g4f51ac03d_640.jpg","height":0,"width":0},"wordCount":600,"keywords":null},{"@type":"Article","@id":"https:\/\/www.bend.cz\/kdyz-si-dost-nevydelavame\/","headline":"Kdy\u017e si dost nevyd\u011bl\u00e1v\u00e1me","url":"https:\/\/www.bend.cz\/kdyz-si-dost-nevydelavame\/","datePublished":"2022-09-10","dateModified":"2023-05-03","mainEntityOfPage":"https:\/\/www.bend.cz\/kdyz-si-dost-nevydelavame\/","author":{"@type":"Person","@id":"https:\/\/www.bend.cz\/author\/#Person","name":"","url":"https:\/\/www.bend.cz\/author\/","identifier":1,"image":{"@type":"ImageObject","@id":"https:\/\/secure.gravatar.com\/avatar\/9cae764794acc12213aa530e21558ed2bd96c03f91e0c3ad21cc1905765be658?s=96&d=mm&r=g","url":"https:\/\/secure.gravatar.com\/avatar\/9cae764794acc12213aa530e21558ed2bd96c03f91e0c3ad21cc1905765be658?s=96&d=mm&r=g","height":96,"width":96}},"publisher":{"@type":"Organization","name":"bend.cz","logo":{"@type":"ImageObject","@id":"\/logo.png","url":"\/logo.png","width":600,"height":60}},"image":{"@type":"ImageObject","@id":"https:\/\/www.bend.cz\/wp-content\/uploads\/mince%20ciz%C3%AD_10_3.jpg","url":"https:\/\/www.bend.cz\/wp-content\/uploads\/mince%20ciz%C3%AD_10_3.jpg","height":0,"width":0},"wordCount":610,"keywords":null},{"@type":"Article","@id":"https:\/\/www.bend.cz\/hledate-vhodny-darek-pro-miminko\/","headline":"Hled\u00e1te vhodn\u00fd d\u00e1rek pro miminko?","url":"https:\/\/www.bend.cz\/hledate-vhodny-darek-pro-miminko\/","datePublished":"2022-09-10","dateModified":"2023-05-03","mainEntityOfPage":"https:\/\/www.bend.cz\/hledate-vhodny-darek-pro-miminko\/","author":{"@type":"Person","@id":"https:\/\/www.bend.cz\/author\/#Person","name":"","url":"https:\/\/www.bend.cz\/author\/","identifier":1,"image":{"@type":"ImageObject","@id":"https:\/\/secure.gravatar.com\/avatar\/9cae764794acc12213aa530e21558ed2bd96c03f91e0c3ad21cc1905765be658?s=96&d=mm&r=g","url":"https:\/\/secure.gravatar.com\/avatar\/9cae764794acc12213aa530e21558ed2bd96c03f91e0c3ad21cc1905765be658?s=96&d=mm&r=g","height":96,"width":96}},"publisher":{"@type":"Organization","name":"bend.cz","logo":{"@type":"ImageObject","@id":"\/logo.png","url":"\/logo.png","width":600,"height":60}},"image":{"@type":"ImageObject","@id":"https:\/\/www.bend.cz\/wp-content\/uploads\/obleceni_2.jpg","url":"https:\/\/www.bend.cz\/wp-content\/uploads\/obleceni_2.jpg","height":0,"width":0},"wordCount":586,"keywords":null},{"@type":"Article","@id":"https:\/\/www.bend.cz\/skrine-ktere-stoji-za-to\/","headline":"Sk\u0159\u00edn\u011b, kter\u00e9 stoj\u00ed za to!","url":"https:\/\/www.bend.cz\/skrine-ktere-stoji-za-to\/","datePublished":"2022-09-10","dateModified":"2023-05-03","mainEntityOfPage":"https:\/\/www.bend.cz\/skrine-ktere-stoji-za-to\/","author":{"@type":"Person","@id":"https:\/\/www.bend.cz\/author\/#Person","name":"","url":"https:\/\/www.bend.cz\/author\/","identifier":1,"image":{"@type":"ImageObject","@id":"https:\/\/secure.gravatar.com\/avatar\/9cae764794acc12213aa530e21558ed2bd96c03f91e0c3ad21cc1905765be658?s=96&d=mm&r=g","url":"https:\/\/secure.gravatar.com\/avatar\/9cae764794acc12213aa530e21558ed2bd96c03f91e0c3ad21cc1905765be658?s=96&d=mm&r=g","height":96,"width":96}},"publisher":{"@type":"Organization","name":"bend.cz","logo":{"@type":"ImageObject","@id":"\/logo.png","url":"\/logo.png","width":600,"height":60}},"image":{"@type":"ImageObject","@id":"https:\/\/www.bend.cz\/wp-content\/uploads\/wardrobe-g47025613e_640.jpg","url":"https:\/\/www.bend.cz\/wp-content\/uploads\/wardrobe-g47025613e_640.jpg","height":0,"width":0},"wordCount":628,"keywords":null},{"@type":"Article","@id":"https:\/\/www.bend.cz\/vite-co-vam-slusi\/","headline":"V\u00edte, co v\u00e1m slu\u0161\u00ed?","url":"https:\/\/www.bend.cz\/vite-co-vam-slusi\/","datePublished":"2022-09-04","dateModified":"2023-05-03","mainEntityOfPage":"https:\/\/www.bend.cz\/vite-co-vam-slusi\/","author":{"@type":"Person","@id":"https:\/\/www.bend.cz\/author\/#Person","name":"","url":"https:\/\/www.bend.cz\/author\/","identifier":1,"image":{"@type":"ImageObject","@id":"https:\/\/secure.gravatar.com\/avatar\/9cae764794acc12213aa530e21558ed2bd96c03f91e0c3ad21cc1905765be658?s=96&d=mm&r=g","url":"https:\/\/secure.gravatar.com\/avatar\/9cae764794acc12213aa530e21558ed2bd96c03f91e0c3ad21cc1905765be658?s=96&d=mm&r=g","height":96,"width":96}},"publisher":{"@type":"Organization","name":"bend.cz","logo":{"@type":"ImageObject","@id":"\/logo.png","url":"\/logo.png","width":600,"height":60}},"image":{"@type":"ImageObject","@id":"https:\/\/www.bend.cz\/wp-content\/uploads\/%C4%8Dern%C3%A9%20%C5%A1aty_7.jpg","url":"https:\/\/www.bend.cz\/wp-content\/uploads\/%C4%8Dern%C3%A9%20%C5%A1aty_7.jpg","height":0,"width":0},"wordCount":560,"keywords":null},{"@type":"Article","@id":"https:\/\/www.bend.cz\/kde-uzijete-klimatizaci\/","headline":"Kde u\u017eijete klimatizaci","url":"https:\/\/www.bend.cz\/kde-uzijete-klimatizaci\/","datePublished":"2022-09-02","dateModified":"2024-02-12","mainEntityOfPage":"https:\/\/www.bend.cz\/kde-uzijete-klimatizaci\/","author":{"@type":"Person","@id":"https:\/\/www.bend.cz\/author\/#Person","name":"","url":"https:\/\/www.bend.cz\/author\/","identifier":1,"image":{"@type":"ImageObject","@id":"https:\/\/secure.gravatar.com\/avatar\/9cae764794acc12213aa530e21558ed2bd96c03f91e0c3ad21cc1905765be658?s=96&d=mm&r=g","url":"https:\/\/secure.gravatar.com\/avatar\/9cae764794acc12213aa530e21558ed2bd96c03f91e0c3ad21cc1905765be658?s=96&d=mm&r=g","height":96,"width":96}},"publisher":{"@type":"Organization","name":"bend.cz","logo":{"@type":"ImageObject","@id":"\/logo.png","url":"\/logo.png","width":600,"height":60}},"image":{"@type":"ImageObject","@id":"https:\/\/www.bend.cz\/wp-content\/uploads\/art-most-construction-g9820fd3cb_640.jpg","url":"https:\/\/www.bend.cz\/wp-content\/uploads\/art-most-construction-g9820fd3cb_640.jpg","height":0,"width":0},"wordCount":580,"keywords":null}]},{"@context":"https:\/\/schema.org","@type":"WebSite","@id":"https:\/\/www.bend.cz\/#website","name":"Bend","url":"https:\/\/www.bend.cz","potentialAction":{"@type":"SearchAction","target":"https:\/\/www.bend.cz\/?s={search_term_string}","query-input":"required name=search_term_string"}}]