[{"@context":"https:\/\/schema.org\/","@type":"Article","@id":"https:\/\/www.bend.cz\/ples-nebo-bujna-kstice\/#Article","mainEntityOfPage":"https:\/\/www.bend.cz\/ples-nebo-bujna-kstice\/","headline":"Ple\u0161, nebo bujn\u00e1 k\u0161tice?","name":"Ple\u0161, nebo bujn\u00e1 k\u0161tice?","description":"P\u00e1nov\u00e9, mysl\u00edte si, \u017ee se \u017eena rad\u011bji oto\u010d\u00ed za pl\u00e1\u017eov\u00fdm fe\u0161\u00e1kem s voln\u011b poletuj\u00edc\u00edmi vlas okolo hlavy? To je mo\u017en\u00e1 pravda, ale v\u00edte taky, \u017ee &hellip; ","datePublished":"2019-08-17","dateModified":"2019-08-17","author":{"@type":"Person","@id":"https:\/\/www.bend.cz\/author\/#Person","name":"","url":"https:\/\/www.bend.cz\/author\/","identifier":1,"image":{"@type":"ImageObject","@id":"https:\/\/secure.gravatar.com\/avatar\/9cae764794acc12213aa530e21558ed2bd96c03f91e0c3ad21cc1905765be658?s=96&d=mm&r=g","url":"https:\/\/secure.gravatar.com\/avatar\/9cae764794acc12213aa530e21558ed2bd96c03f91e0c3ad21cc1905765be658?s=96&d=mm&r=g","height":96,"width":96}},"publisher":{"@type":"Organization","name":"bend.cz","logo":{"@type":"ImageObject","@id":"\/logo.png","url":"\/logo.png","width":600,"height":60}},"image":{"@type":"ImageObject","@id":"https:\/\/www.bend.cz\/wp-content\/uploads\/img_a351466_w2745_t1566057373.jpg","url":"https:\/\/www.bend.cz\/wp-content\/uploads\/img_a351466_w2745_t1566057373.jpg","height":0,"width":0},"url":"https:\/\/www.bend.cz\/ples-nebo-bujna-kstice\/","wordCount":492,"articleBody":"P\u00e1nov\u00e9, mysl\u00edte si, \u017ee se \u017eena rad\u011bji oto\u010d\u00ed za pl\u00e1\u017eov\u00fdm fe\u0161\u00e1kem s voln\u011b poletuj\u00edc\u00edmi vlas okolo hlavy? To je mo\u017en\u00e1 pravda, ale v\u00edte taky, \u017ee ve v\u00fdsledku by dala v\u011bt\u0161ina \u017een p\u0159ednost vztahu s mu\u017eem s holou hlavou? Nev\u011b\u0159\u00edte? Pr\u016fzkumy mluv\u00ed za v\u0161e.\u00a0Ale nejd\u0159\u00edve n\u011bco k fakt\u016fm. V\u011bd\u011bli jste, \u017ee ple\u0161atost se t\u00fdk\u00e1 a\u017e poloviny pades\u00e1tilet\u00fdch mu\u017e\u016f? Rychleji za\u010d\u00ednaj\u00ed vypad\u00e1vat vlasy mu\u017e\u016fm ji\u017e n\u011bkdy mezi 20 \u2013 30 rokem \u017eivota. Ale nic moc se s t\u00edm d\u011blat ned\u00e1, ve v\u011bt\u0161in\u011b p\u0159\u00edpad\u016f za to m\u016f\u017ee d\u011bdi\u010dnost.\u00a0Malou \u00fat\u011bchou v\u00e1m m\u016f\u017ee b\u00fdt to, \u017ee ani \u017eeny nejsou z tohoto probl\u00e9mu zcela vy\u0148aty. Ztr\u00e1ta vlas\u016f se u n\u011bkter\u00fdch z nich projevuje v\u011bt\u0161inou na temeni hlavy, a to po menopauze.\u00a0Te\u010f se ale zam\u011b\u0159me na to p\u0159\u00edjemn\u011bj\u0161\u00ed, a to, pro\u010d byste nem\u011bli proti p\u0159\u00edrod\u011b bojovat, ale vz\u00edt rad\u011bji strojek do ruky.\u00a0Zdrav\u00ed nade v\u0161ePrvn\u00ed, co by v\u00e1s p\u00e1nov\u00e9 mohlo zaj\u00edmat je, \u017ee d\u00edky p\u0159ed\u010dasn\u011b vypad\u00e1vaj\u00edc\u00edm vlas\u016fm v\u00e1m hroz\u00ed men\u0161\u00ed \u0161ance onemocn\u011bn\u00edm rakoviny prostaty, ne\u017e mu\u017e\u016fm s vlasy. M\u016f\u017ee za to pr\u00fd vy\u0161\u0161\u00ed m\u00edra hormonu testosteronu ve va\u0161em t\u011ble. To stoj\u00ed p\u0159inejmen\u0161\u00edm za \u00favahu!\u00a0Lep\u0161\u00ed milenciKdy\u017e u\u017e jsme u toho testosteronu, tenhle pohlavn\u00ed hormon zvy\u0161uj\u00edc\u00ed libido m\u016f\u017ee tak\u00e9 pr\u00fd za to, \u017ee jste \u00fadajn\u011b lep\u0161\u00edmi milenci, ne\u017e vlas\u00e1\u010di. A na to nejedna d\u00e1ma sly\u0161\u00ed.\u00a0Lep\u0161\u00ed pr\u00e1ceU\u017e na prvn\u00ed pohled je jasn\u00e9, \u017ee mu\u017ei s lysou hlavou maj\u00ed dominantn\u011bj\u0161\u00ed rysy. Tak\u00e9 p\u016fsob\u00ed d\u016fv\u011bryhodn\u011bji, a pr\u00e1v\u011b to jim zvy\u0161uje \u0161ance na trhu pr\u00e1ce. Obvykle se s holohlav\u00fdmi p\u00e1ny setk\u00e1v\u00e1me na pozic\u00edch mana\u017eer\u016f a \u0159editel\u016f. Samoz\u0159ejm\u011b \u010d\u00edm vy\u0161\u0161\u00ed post, t\u00edm vy\u0161\u0161\u00ed \u010d\u00edsla na v\u00fdplatn\u00ed p\u00e1sce.\u00a0Men\u0161\u00ed \u00fadr\u017ebaNejedna d\u00e1ma r\u00e1no pot\u0159ebuje v koupeln\u011b dost \u010dasu. A tak to posledn\u00ed, co by si p\u0159\u00e1la je, aby j\u00ed koupelnu zab\u00edral chlap, kter\u00fd v\u011bnuje sv\u00fdm vlas\u016fm v\u011bt\u0161\u00ed pozornost, ne\u017e ona t\u011bm sv\u00fdm, prohl\u00ed\u017e\u00ed se n\u011bkolikr\u00e1t ze v\u0161ech stran a kdy\u017e u\u017e to vypad\u00e1, \u017ee by ji mohl pustit alespo\u0148 si opl\u00e1chnout obli\u010dej, tak zjist\u00ed, \u017ee mu vzadu odst\u00e1v\u00e1 je\u0161t\u011b jeden pramen a ona je tak op\u011bt na po\u010d\u00e1tku \u010dek\u00e1n\u00ed?\u00a0Tak\u017ee p\u00e1nov\u00e9, pokud na sv\u00e9m supermodern\u00edm sest\u0159ihu zrovna nelp\u00edte a va\u0161e h\u00e1ro nen\u00ed st\u0159edobodem va\u0161eho vesm\u00edru, tak strojky do ruky a hur\u00e1 do toho!                                                                                                                                                                                                                                                                                                                                                                                        4.6\/5 - (5 votes)        "},{"@context":"https:\/\/schema.org\/","@type":"BreadcrumbList","itemListElement":[{"@type":"ListItem","position":1,"name":"Ple\u0161, nebo bujn\u00e1 k\u0161tice?","item":"https:\/\/www.bend.cz\/ples-nebo-bujna-kstice\/#breadcrumbitem"}]}]