[{"@context":"https:\/\/schema.org\/","@type":"Article","@id":"https:\/\/www.bend.cz\/v-chorvatsku-je-krasne-po-cely-rok\/#Article","mainEntityOfPage":"https:\/\/www.bend.cz\/v-chorvatsku-je-krasne-po-cely-rok\/","headline":"V Chorvatsku je kr\u00e1sn\u011b po cel\u00fd rok","name":"V Chorvatsku je kr\u00e1sn\u011b po cel\u00fd rok","description":"Tak\u00e9 u\u017e v\u00e1s nebav\u00ed to sychrav\u00e9 podzimn\u00ed po\u010das\u00ed a nejste zrovna milovn\u00edci zimn\u00edch radov\u00e1nek, co se chod\u00ed klouzat na zasn\u011b\u017een\u00fd svah, nebo dokonce provozuj\u00ed ly\u017eov\u00e1n\u00ed? &hellip; ","datePublished":"2022-09-25","dateModified":"2023-05-03","author":{"@type":"Person","@id":"https:\/\/www.bend.cz\/author\/#Person","name":"","url":"https:\/\/www.bend.cz\/author\/","identifier":1,"image":{"@type":"ImageObject","@id":"https:\/\/secure.gravatar.com\/avatar\/9cae764794acc12213aa530e21558ed2bd96c03f91e0c3ad21cc1905765be658?s=96&d=mm&r=g","url":"https:\/\/secure.gravatar.com\/avatar\/9cae764794acc12213aa530e21558ed2bd96c03f91e0c3ad21cc1905765be658?s=96&d=mm&r=g","height":96,"width":96}},"publisher":{"@type":"Organization","name":"bend.cz","logo":{"@type":"ImageObject","@id":"\/logo.png","url":"\/logo.png","width":600,"height":60}},"image":{"@type":"ImageObject","@id":"https:\/\/www.bend.cz\/wp-content\/uploads\/krka-g786004828_640.jpg","url":"https:\/\/www.bend.cz\/wp-content\/uploads\/krka-g786004828_640.jpg","height":0,"width":0},"url":"https:\/\/www.bend.cz\/v-chorvatsku-je-krasne-po-cely-rok\/","about":["Business"],"wordCount":404,"articleBody":"   Tak\u00e9 u\u017e v\u00e1s nebav\u00ed to sychrav\u00e9 podzimn\u00ed po\u010das\u00ed a nejste zrovna milovn\u00edci zimn\u00edch radov\u00e1nek, co se chod\u00ed klouzat na zasn\u011b\u017een\u00fd svah, nebo dokonce provozuj\u00ed ly\u017eov\u00e1n\u00ed? M\u00e1te rad\u011bji tepl\u00e9 po\u010das\u00ed, slunce nad hlavou, dostatek vitam\u00ednu D ze slune\u010dn\u00edch paprsk\u016f a hlavn\u011b mo\u0159skou hladinu? Pak v\u00e1s to pravd\u011bpodobn\u011b bude t\u00e1hnout n\u011bkam na jih. Do \u0160pan\u011blska, It\u00e1lie, \u0158ecka \u010di Chorvatska.V\u0161echny tyto destinace maj\u00ed jedno spole\u010dn\u00e9, a sice jejich b\u0159ehy om\u00fdvaj\u00ed vody St\u0159edozemn\u00edho mo\u0159e, jeho\u017e sou\u010d\u00e1st\u00ed je i mo\u0159e Jadersk\u00e9 neboli Jadran. K Jadranu se ka\u017ed\u00fd rok vyd\u00e1v\u00e1 v letn\u00edm obdob\u00ed mnoho \u010cech\u016f, je to obl\u00edben\u00e1 lokalita pro letn\u00ed rekreaci vzhledem k p\u0159ekr\u00e1sn\u00e9 p\u0159\u00edrod\u011b, tepl\u00e9 mo\u0159sk\u00e9 vod\u011b a velmi p\u0159\u00edjemn\u00e9mu klimatu k rekreaci. U Jadranu je v obdob\u00ed letn\u00edch veder mnohem l\u00e9pe snesiteln\u00e9, ne\u017e v \u010cesk\u00e9 republice kdekoli u vody nebo dokonce ve m\u011bstech.N\u011bkte\u0159\u00ed lid\u00e9 z na\u0161\u00ed zem\u011b prchaj\u00ed p\u0159ed tropick\u00fdmi letn\u00edmi dny do hor, kde je p\u0159\u00edjemn\u011b, ale p\u0159ece jen tu nen\u00ed sly\u0161et mo\u0159sk\u00fd p\u0159\u00edboj a neuc\u00edt\u00edte tu ten typick\u00fd mo\u0159sk\u00fd vzduch, prosycen\u00fd sol\u00ed. Nab\u00edz\u00edme v\u00e1m proto mo\u017enost prchnout n\u011bkam jinam, do Chorvatska, a poohl\u00e9dnout se tu po realit\u00e1ch v Chorvatsku na prodej Na Jadranu.M\u00edt v Chorvatsku k dispozici vlastn\u00ed nemovitost p\u0159in\u00e1\u0161\u00ed mnoho v\u00fdhod zejm\u00e9na pro toho, kdo m\u00e1 mo\u017enost pracovat z domova. Na\u010d tr\u00e1vit \u010das v \u010cesk\u00e9 republice, zejm\u00e9na v zim\u011b, kdy tu doslova vyhod\u00edte spoustu pen\u011bz oknem jen za vyt\u00e1p\u011bn\u00ed objektu, abyste se alespo\u0148 trochu oh\u0159\u00e1li? V p\u0159\u00edmo\u0159sk\u00e9 oblasti si sice nezaly\u017eujete, ale pokud v\u00e1m nep\u0159\u00edtomnost sn\u011bhu nevad\u00ed ani o V\u00e1noc\u00edch, bude se v\u00e1m \u017e\u00edt v bl\u00edzkosti mo\u0159sk\u00e9 hladiny mo\u017en\u00e1 mnohem l\u00e9pe, ne\u017e u n\u00e1s. Nemus\u00edte se ka\u017ed\u00fd den v roce p\u0159\u00edmo koupat v mo\u0159i, uspokoj\u00ed v\u00e1s i ionizovan\u00fd vzduch, kter\u00fd mnohem l\u00e9pe p\u0159isp\u00edv\u00e1 k regeneraci organismu, ne\u017e m\u011bstsk\u00e9 oblasti s p\u0159evahou \u0161kodliv\u00fdch kladn\u00fdch iont\u016f a dal\u0161\u00edch zne\u010di\u0161\u0165uj\u00edc\u00edch l\u00e1tek v \u017eivotn\u00edm prost\u0159ed\u00ed.                                                                                                                                                                                                                                                                                                                                                                                          4.5\/5 - (6 votes)        "},{"@context":"https:\/\/schema.org\/","@type":"BreadcrumbList","itemListElement":[{"@type":"ListItem","position":1,"name":"V Chorvatsku je kr\u00e1sn\u011b po cel\u00fd rok","item":"https:\/\/www.bend.cz\/v-chorvatsku-je-krasne-po-cely-rok\/#breadcrumbitem"}]}]